{"id":26807,"date":"2023-10-05T18:14:23","date_gmt":"2023-10-05T18:14:23","guid":{"rendered":"https:\/\/ter-staging.engnroom.org\/join-our-community-call-challenges-for-sustaining-a-healthy-and-robust-information-ecosystem-in-latin-america-and-the-caribbean\/"},"modified":"2024-02-13T12:26:15","modified_gmt":"2024-02-13T12:26:15","slug":"llamada-comunitaria-sostener-ecosistema-de-informacion-saludable","status":"publish","type":"post","link":"https:\/\/ter-staging.engnroom.org\/es\/llamada-comunitaria-sostener-ecosistema-de-informacion-saludable\/","title":{"rendered":"\u00danete a nuestra llamada comunitaria: desaf\u00edos para sostener un ecosistema de informaci\u00f3n saludable y robusto en Am\u00e9rica Latina y el Caribe"},"content":{"rendered":"\n<p class=\"has-text-align-center\"><em><a href=\"https:\/\/ter-staging.engnroom.org\/join-our-community-call-challenges-for-sustaining-a-healthy-and-robust-information-ecosystem-in-latin-america-and-the-caribbean\/\" title=\"English\">English<\/a><\/em><\/p>\n\n\n\n<p>Hace unas semanas anunciamos que <a href=\"https:\/\/ter-staging.engnroom.org\/nuevo-proyecto-ecosistema-informativo-america-latina-y-caribe\/\" target=\"_blank\" rel=\"noopener\" title=\"\">comenzamos un nuevo proyecto<\/a> destinado a contribuir a un ecosistema de informaci\u00f3n saludable y robusto en Am\u00e9rica Latina y el Caribe, apoyado por el Programa Am\u00e9rica Latina de Open Society Foundations.<\/p>\n\n\n\n<p><strong>Para darle inicio este proyecto, realizaremos una llamada comunitaria el 26 de octubre, <\/strong>donde conversaremos sobre los desaf\u00edos que enfrenta la sociedad civil en el ecosistema de la informaci\u00f3n en Am\u00e9rica Latina y las oportunidades que vemos para la acci\u00f3n colectiva. Esta ser\u00e1 la primera de una serie de llamadas que realizaremos a lo largo de este proyecto (\u00a1as\u00ed que aseg\u00farate de seguir nuestro blog para tener actualizaciones acerca de los pr\u00f3ximos eventos!).<\/p>\n\n\n\n<p>En la llamada, nos acompa\u00f1ar\u00e1n Nathaly Espitia (Internews) y Maria Juliana (Universidad Icesi, Cali. Colombia) del <a href=\"https:\/\/noisradio.co\/\" target=\"_blank\" rel=\"noopener\" title=\"\">Colectivo No\u00eds Radio<\/a>, J\u00falia Rocha de <a href=\"https:\/\/artigo19.org\/\" target=\"_blank\" rel=\"noopener\" title=\"\">Artigo 19<\/a> y Ramiro Alvarez Ugarte de <a href=\"https:\/\/observatoriolegislativocele.com\/\" target=\"_blank\" rel=\"noopener\" title=\"\">CELE<\/a>, quienes compartir\u00e1n aprendizajes y conocimientos sobre su trabajo en la regi\u00f3n.<\/p>\n\n\n\n<h2 class=\"wp-block-heading\">\u00danete a nuestra conversaci\u00f3n<\/h2>\n\n\n\n<p>Esperamos dialogar con activistas de derechos digitales, profesionales de tecnolog\u00eda c\u00edvica, personas expertas en protecci\u00f3n de datos, activistas por la transparencia, defensoras y defensores de derechos humanos, representantes de instituciones filantr\u00f3picas, personas desarrolladoras de tecnolog\u00eda y acad\u00e9micas de Am\u00e9rica Latina y el Caribe que est\u00e9n interesadas en compartir sus perspectivas e ideas con nuestro equipo.&nbsp;<\/p>\n\n\n\n<p><strong>Nuestra llamada comunitaria se llevar\u00e1 a cabo el jueves 26 de octubre a partir de las 9 am Ciudad de M\u00e9xico, 10 am Bogot\u00e1, 11 am Puerto Pr\u00edncipe, 12 pm Santiago. Reg\u00edstrate para unirte <\/strong><a href=\"https:\/\/cargo.engnroom.org\/index.php\/apps\/forms\/s\/YFMTp6eP7WQNgDADaTSw9ggz\" target=\"_blank\" rel=\"noopener\" title=\"\"><strong>aqu\u00ed<\/strong><\/a><strong>.<\/strong><em> Este evento se llevar\u00e1 a cabo en espa\u00f1ol.<\/em><\/p>\n\n\n\n<div class=\"wp-block-buttons is-layout-flex wp-block-buttons-is-layout-flex\">\n<div class=\"wp-block-button\"><a class=\"wp-block-button__link wp-element-button\" href=\"https:\/\/cargo.engnroom.org\/index.php\/apps\/forms\/s\/YFMTp6eP7WQNgDADaTSw9ggz\">\u00danete a la conversaci\u00f3n<\/a><\/div>\n<\/div>\n\n\n\n<p><br>Si no puedes asistir pero a\u00fan as\u00ed te gustar\u00eda hablar con nuestro equipo sobre este proyecto, no dudes en comunicarte a la direcci\u00f3n: <a href=\"mailto:barbara@theengineroom.org\" target=\"_blank\" rel=\"noopener\" title=\"\">barbara@theengineroom.org<\/a>.&nbsp;<\/p>\n\n\n\n<p><em>Photo by <a href=\"https:\/\/unsplash.com\/@sharonmccutcheon?utm_content=creditCopyText&amp;utm_medium=referral&amp;utm_source=unsplash\">Alexander Grey<\/a> on <a href=\"https:\/\/unsplash.com\/photos\/TMwHpCrU8D4?utm_content=creditCopyText&amp;utm_medium=referral&amp;utm_source=unsplash\">Unsplash<\/a><\/em><\/p>\n","protected":false},"excerpt":{"rendered":"<p>Realizaremos una llamada comunitaria el 26 de octubre, donde conversaremos sobre los desaf\u00edos que enfrenta la sociedad civil en el ecosistema de la informaci\u00f3n en Am\u00e9rica Latina y las oportunidades que vemos para la acci\u00f3n colectiva.<\/p>\n","protected":false},"author":8,"featured_media":26803,"comment_status":"open","ping_status":"open","sticky":false,"template":"","format":"standard","meta":{"_acf_changed":false,"footnotes":""},"categories":[217,216],"tags":[],"ppma_author":[347],"class_list":["post-26807","post","type-post","status-publish","format-standard","has-post-thumbnail","hentry","category-evento","category-llamadas-comunitarias"],"acf":[],"yoast_head":"<!-- This site is optimized with the Yoast SEO plugin v27.5 - https:\/\/yoast.com\/product\/yoast-seo-wordpress\/ -->\n<title>\u00danete a nuestra llamada comunitaria: desaf\u00edos para sostener un ecosistema de informaci\u00f3n saludable y robusto en Am\u00e9rica Latina y el Caribe - The Engine Room<\/title>\n<meta name=\"description\" content=\"Realizaremos una llamada comunitaria el 26 de octubre, donde conversaremos sobre los desaf\u00edos que enfrenta la sociedad civil en el ecosistema de la informaci\u00f3n en Am\u00e9rica Latina y las oportunidades que vemos para la acci\u00f3n colectiva.\" \/>\n<meta name=\"robots\" content=\"index, follow, max-snippet:-1, max-image-preview:large, max-video-preview:-1\" \/>\n<link rel=\"canonical\" href=\"https:\/\/ter-staging.engnroom.org\/es\/llamada-comunitaria-sostener-ecosistema-de-informacion-saludable\/\" \/>\n<meta property=\"og:locale\" content=\"es_ES\" \/>\n<meta property=\"og:type\" content=\"article\" \/>\n<meta property=\"og:title\" content=\"\u00danete a nuestra llamada comunitaria: desaf\u00edos para sostener un ecosistema de informaci\u00f3n saludable y robusto en Am\u00e9rica Latina y el Caribe - The Engine Room\" \/>\n<meta property=\"og:description\" content=\"Realizaremos una llamada comunitaria el 26 de octubre, donde conversaremos sobre los desaf\u00edos que enfrenta la sociedad civil en el ecosistema de la informaci\u00f3n en Am\u00e9rica Latina y las oportunidades que vemos para la acci\u00f3n colectiva.\" \/>\n<meta property=\"og:url\" content=\"https:\/\/ter-staging.engnroom.org\/es\/llamada-comunitaria-sostener-ecosistema-de-informacion-saludable\/\" \/>\n<meta property=\"og:site_name\" content=\"The Engine Room\" \/>\n<meta property=\"article:published_time\" content=\"2023-10-05T18:14:23+00:00\" \/>\n<meta property=\"article:modified_time\" content=\"2024-02-13T12:26:15+00:00\" \/>\n<meta property=\"og:image\" content=\"https:\/\/ter-staging.engnroom.org\/wp-content\/uploads\/2023\/12\/alexander-grey-TMwHpCrU8D4-unsplash-scaled-1.jpg\" \/>\n\t<meta property=\"og:image:width\" content=\"1920\" \/>\n\t<meta property=\"og:image:height\" content=\"1280\" \/>\n\t<meta property=\"og:image:type\" content=\"image\/jpeg\" \/>\n<meta name=\"author\" content=\"Barbara Paes\" \/>\n<meta name=\"twitter:card\" content=\"summary_large_image\" \/>\n<meta name=\"twitter:creator\" content=\"@EngnRoom\" \/>\n<meta name=\"twitter:site\" content=\"@EngnRoom\" \/>\n<meta name=\"twitter:label1\" content=\"Escrito por\" \/>\n\t<meta name=\"twitter:data1\" content=\"Barbara Paes\" \/>\n\t<meta name=\"twitter:label2\" content=\"Tiempo de lectura\" \/>\n\t<meta name=\"twitter:data2\" content=\"2 minutos\" \/>\n<script type=\"application\/ld+json\" class=\"yoast-schema-graph\">{\"@context\":\"https:\\\/\\\/schema.org\",\"@graph\":[{\"@type\":\"Article\",\"@id\":\"https:\\\/\\\/ter-staging.engnroom.org\\\/es\\\/llamada-comunitaria-sostener-ecosistema-de-informacion-saludable\\\/#article\",\"isPartOf\":{\"@id\":\"https:\\\/\\\/ter-staging.engnroom.org\\\/es\\\/llamada-comunitaria-sostener-ecosistema-de-informacion-saludable\\\/\"},\"author\":{\"name\":\"Barbara Paes\",\"@id\":\"https:\\\/\\\/ter-staging.engnroom.org\\\/es\\\/#\\\/schema\\\/person\\\/945f2fb59d5704a6733b4797e0094fce\"},\"headline\":\"\u00danete a nuestra llamada comunitaria: desaf\u00edos para sostener un ecosistema de informaci\u00f3n saludable y robusto en Am\u00e9rica Latina y el Caribe\",\"datePublished\":\"2023-10-05T18:14:23+00:00\",\"dateModified\":\"2024-02-13T12:26:15+00:00\",\"mainEntityOfPage\":{\"@id\":\"https:\\\/\\\/ter-staging.engnroom.org\\\/es\\\/llamada-comunitaria-sostener-ecosistema-de-informacion-saludable\\\/\"},\"wordCount\":340,\"commentCount\":0,\"publisher\":{\"@id\":\"https:\\\/\\\/ter-staging.engnroom.org\\\/es\\\/#organization\"},\"image\":{\"@id\":\"https:\\\/\\\/ter-staging.engnroom.org\\\/es\\\/llamada-comunitaria-sostener-ecosistema-de-informacion-saludable\\\/#primaryimage\"},\"thumbnailUrl\":\"https:\\\/\\\/ter-staging.engnroom.org\\\/wp-content\\\/uploads\\\/2023\\\/12\\\/alexander-grey-TMwHpCrU8D4-unsplash-scaled-1.jpg\",\"articleSection\":[\"Evento\",\"Llamadas Comunitarias\"],\"inLanguage\":\"es\"},{\"@type\":\"WebPage\",\"@id\":\"https:\\\/\\\/ter-staging.engnroom.org\\\/es\\\/llamada-comunitaria-sostener-ecosistema-de-informacion-saludable\\\/\",\"url\":\"https:\\\/\\\/ter-staging.engnroom.org\\\/es\\\/llamada-comunitaria-sostener-ecosistema-de-informacion-saludable\\\/\",\"name\":\"\u00danete a nuestra llamada comunitaria: desaf\u00edos para sostener un ecosistema de informaci\u00f3n saludable y robusto en Am\u00e9rica Latina y el Caribe - The Engine Room\",\"isPartOf\":{\"@id\":\"https:\\\/\\\/ter-staging.engnroom.org\\\/es\\\/#website\"},\"primaryImageOfPage\":{\"@id\":\"https:\\\/\\\/ter-staging.engnroom.org\\\/es\\\/llamada-comunitaria-sostener-ecosistema-de-informacion-saludable\\\/#primaryimage\"},\"image\":{\"@id\":\"https:\\\/\\\/ter-staging.engnroom.org\\\/es\\\/llamada-comunitaria-sostener-ecosistema-de-informacion-saludable\\\/#primaryimage\"},\"thumbnailUrl\":\"https:\\\/\\\/ter-staging.engnroom.org\\\/wp-content\\\/uploads\\\/2023\\\/12\\\/alexander-grey-TMwHpCrU8D4-unsplash-scaled-1.jpg\",\"datePublished\":\"2023-10-05T18:14:23+00:00\",\"dateModified\":\"2024-02-13T12:26:15+00:00\",\"description\":\"Realizaremos una llamada comunitaria el 26 de octubre, donde conversaremos sobre los desaf\u00edos que enfrenta la sociedad civil en el ecosistema de la informaci\u00f3n en Am\u00e9rica Latina y las oportunidades que vemos para la acci\u00f3n colectiva.\",\"breadcrumb\":{\"@id\":\"https:\\\/\\\/ter-staging.engnroom.org\\\/es\\\/llamada-comunitaria-sostener-ecosistema-de-informacion-saludable\\\/#breadcrumb\"},\"inLanguage\":\"es\",\"potentialAction\":[{\"@type\":\"ReadAction\",\"target\":[\"https:\\\/\\\/ter-staging.engnroom.org\\\/es\\\/llamada-comunitaria-sostener-ecosistema-de-informacion-saludable\\\/\"]}]},{\"@type\":\"ImageObject\",\"inLanguage\":\"es\",\"@id\":\"https:\\\/\\\/ter-staging.engnroom.org\\\/es\\\/llamada-comunitaria-sostener-ecosistema-de-informacion-saludable\\\/#primaryimage\",\"url\":\"https:\\\/\\\/ter-staging.engnroom.org\\\/wp-content\\\/uploads\\\/2023\\\/12\\\/alexander-grey-TMwHpCrU8D4-unsplash-scaled-1.jpg\",\"contentUrl\":\"https:\\\/\\\/ter-staging.engnroom.org\\\/wp-content\\\/uploads\\\/2023\\\/12\\\/alexander-grey-TMwHpCrU8D4-unsplash-scaled-1.jpg\",\"width\":1920,\"height\":1280},{\"@type\":\"BreadcrumbList\",\"@id\":\"https:\\\/\\\/ter-staging.engnroom.org\\\/es\\\/llamada-comunitaria-sostener-ecosistema-de-informacion-saludable\\\/#breadcrumb\",\"itemListElement\":[{\"@type\":\"ListItem\",\"position\":1,\"name\":\"Home\",\"item\":\"https:\\\/\\\/ter-staging.engnroom.org\\\/es\\\/\"},{\"@type\":\"ListItem\",\"position\":2,\"name\":\"\u00danete a nuestra llamada comunitaria: desaf\u00edos para sostener un ecosistema de informaci\u00f3n saludable y robusto en Am\u00e9rica Latina y el Caribe\"}]},{\"@type\":\"WebSite\",\"@id\":\"https:\\\/\\\/ter-staging.engnroom.org\\\/es\\\/#website\",\"url\":\"https:\\\/\\\/ter-staging.engnroom.org\\\/es\\\/\",\"name\":\"The Engine Room\",\"description\":\"Supporting civil society to use technology and data in strategic, effective and responsible ways.\",\"publisher\":{\"@id\":\"https:\\\/\\\/ter-staging.engnroom.org\\\/es\\\/#organization\"},\"potentialAction\":[{\"@type\":\"SearchAction\",\"target\":{\"@type\":\"EntryPoint\",\"urlTemplate\":\"https:\\\/\\\/ter-staging.engnroom.org\\\/es\\\/?s={search_term_string}\"},\"query-input\":{\"@type\":\"PropertyValueSpecification\",\"valueRequired\":true,\"valueName\":\"search_term_string\"}}],\"inLanguage\":\"es\"},{\"@type\":\"Organization\",\"@id\":\"https:\\\/\\\/ter-staging.engnroom.org\\\/es\\\/#organization\",\"name\":\"The Engine Room\",\"url\":\"https:\\\/\\\/ter-staging.engnroom.org\\\/es\\\/\",\"logo\":{\"@type\":\"ImageObject\",\"inLanguage\":\"es\",\"@id\":\"https:\\\/\\\/ter-staging.engnroom.org\\\/es\\\/#\\\/schema\\\/logo\\\/image\\\/\",\"url\":\"https:\\\/\\\/ter-staging.engnroom.org\\\/wp-content\\\/uploads\\\/2022\\\/11\\\/cropped-logo.png\",\"contentUrl\":\"https:\\\/\\\/ter-staging.engnroom.org\\\/wp-content\\\/uploads\\\/2022\\\/11\\\/cropped-logo.png\",\"width\":1110,\"height\":108,\"caption\":\"The Engine Room\"},\"image\":{\"@id\":\"https:\\\/\\\/ter-staging.engnroom.org\\\/es\\\/#\\\/schema\\\/logo\\\/image\\\/\"},\"sameAs\":[\"https:\\\/\\\/x.com\\\/EngnRoom\",\"https:\\\/\\\/www.linkedin.com\\\/company\\\/theengineroom-org\\\/\"]},{\"@type\":\"Person\",\"@id\":\"https:\\\/\\\/ter-staging.engnroom.org\\\/es\\\/#\\\/schema\\\/person\\\/945f2fb59d5704a6733b4797e0094fce\",\"name\":\"Barbara Paes\",\"image\":{\"@type\":\"ImageObject\",\"inLanguage\":\"es\",\"@id\":\"https:\\\/\\\/ter-staging.engnroom.org\\\/wp-content\\\/uploads\\\/2023\\\/02\\\/barbara_headshot.jpg7e65713967473f4199c6a5b30a3ee45c\",\"url\":\"https:\\\/\\\/ter-staging.engnroom.org\\\/wp-content\\\/uploads\\\/2023\\\/02\\\/barbara_headshot.jpg\",\"contentUrl\":\"https:\\\/\\\/ter-staging.engnroom.org\\\/wp-content\\\/uploads\\\/2023\\\/02\\\/barbara_headshot.jpg\",\"caption\":\"Barbara Paes\"},\"description\":\"B\u00e1rbara leads The Engine Room's engagement with partners based in Latin America.\",\"url\":\"https:\\\/\\\/ter-staging.engnroom.org\\\/es\\\/author\\\/bpaes\\\/\"}]}<\/script>\n<!-- \/ Yoast SEO plugin. -->","yoast_head_json":{"title":"\u00danete a nuestra llamada comunitaria: desaf\u00edos para sostener un ecosistema de informaci\u00f3n saludable y robusto en Am\u00e9rica Latina y el Caribe - The Engine Room","description":"Realizaremos una llamada comunitaria el 26 de octubre, donde conversaremos sobre los desaf\u00edos que enfrenta la sociedad civil en el ecosistema de la informaci\u00f3n en Am\u00e9rica Latina y las oportunidades que vemos para la acci\u00f3n colectiva.","robots":{"index":"index","follow":"follow","max-snippet":"max-snippet:-1","max-image-preview":"max-image-preview:large","max-video-preview":"max-video-preview:-1"},"canonical":"https:\/\/ter-staging.engnroom.org\/es\/llamada-comunitaria-sostener-ecosistema-de-informacion-saludable\/","og_locale":"es_ES","og_type":"article","og_title":"\u00danete a nuestra llamada comunitaria: desaf\u00edos para sostener un ecosistema de informaci\u00f3n saludable y robusto en Am\u00e9rica Latina y el Caribe - The Engine Room","og_description":"Realizaremos una llamada comunitaria el 26 de octubre, donde conversaremos sobre los desaf\u00edos que enfrenta la sociedad civil en el ecosistema de la informaci\u00f3n en Am\u00e9rica Latina y las oportunidades que vemos para la acci\u00f3n colectiva.","og_url":"https:\/\/ter-staging.engnroom.org\/es\/llamada-comunitaria-sostener-ecosistema-de-informacion-saludable\/","og_site_name":"The Engine Room","article_published_time":"2023-10-05T18:14:23+00:00","article_modified_time":"2024-02-13T12:26:15+00:00","og_image":[{"width":1920,"height":1280,"url":"https:\/\/ter-staging.engnroom.org\/wp-content\/uploads\/2023\/12\/alexander-grey-TMwHpCrU8D4-unsplash-scaled-1.jpg","type":"image\/jpeg"}],"author":"Barbara Paes","twitter_card":"summary_large_image","twitter_creator":"@EngnRoom","twitter_site":"@EngnRoom","twitter_misc":{"Escrito por":"Barbara Paes","Tiempo de lectura":"2 minutos"},"schema":{"@context":"https:\/\/schema.org","@graph":[{"@type":"Article","@id":"https:\/\/ter-staging.engnroom.org\/es\/llamada-comunitaria-sostener-ecosistema-de-informacion-saludable\/#article","isPartOf":{"@id":"https:\/\/ter-staging.engnroom.org\/es\/llamada-comunitaria-sostener-ecosistema-de-informacion-saludable\/"},"author":{"name":"Barbara Paes","@id":"https:\/\/ter-staging.engnroom.org\/es\/#\/schema\/person\/945f2fb59d5704a6733b4797e0094fce"},"headline":"\u00danete a nuestra llamada comunitaria: desaf\u00edos para sostener un ecosistema de informaci\u00f3n saludable y robusto en Am\u00e9rica Latina y el Caribe","datePublished":"2023-10-05T18:14:23+00:00","dateModified":"2024-02-13T12:26:15+00:00","mainEntityOfPage":{"@id":"https:\/\/ter-staging.engnroom.org\/es\/llamada-comunitaria-sostener-ecosistema-de-informacion-saludable\/"},"wordCount":340,"commentCount":0,"publisher":{"@id":"https:\/\/ter-staging.engnroom.org\/es\/#organization"},"image":{"@id":"https:\/\/ter-staging.engnroom.org\/es\/llamada-comunitaria-sostener-ecosistema-de-informacion-saludable\/#primaryimage"},"thumbnailUrl":"https:\/\/ter-staging.engnroom.org\/wp-content\/uploads\/2023\/12\/alexander-grey-TMwHpCrU8D4-unsplash-scaled-1.jpg","articleSection":["Evento","Llamadas Comunitarias"],"inLanguage":"es"},{"@type":"WebPage","@id":"https:\/\/ter-staging.engnroom.org\/es\/llamada-comunitaria-sostener-ecosistema-de-informacion-saludable\/","url":"https:\/\/ter-staging.engnroom.org\/es\/llamada-comunitaria-sostener-ecosistema-de-informacion-saludable\/","name":"\u00danete a nuestra llamada comunitaria: desaf\u00edos para sostener un ecosistema de informaci\u00f3n saludable y robusto en Am\u00e9rica Latina y el Caribe - The Engine Room","isPartOf":{"@id":"https:\/\/ter-staging.engnroom.org\/es\/#website"},"primaryImageOfPage":{"@id":"https:\/\/ter-staging.engnroom.org\/es\/llamada-comunitaria-sostener-ecosistema-de-informacion-saludable\/#primaryimage"},"image":{"@id":"https:\/\/ter-staging.engnroom.org\/es\/llamada-comunitaria-sostener-ecosistema-de-informacion-saludable\/#primaryimage"},"thumbnailUrl":"https:\/\/ter-staging.engnroom.org\/wp-content\/uploads\/2023\/12\/alexander-grey-TMwHpCrU8D4-unsplash-scaled-1.jpg","datePublished":"2023-10-05T18:14:23+00:00","dateModified":"2024-02-13T12:26:15+00:00","description":"Realizaremos una llamada comunitaria el 26 de octubre, donde conversaremos sobre los desaf\u00edos que enfrenta la sociedad civil en el ecosistema de la informaci\u00f3n en Am\u00e9rica Latina y las oportunidades que vemos para la acci\u00f3n colectiva.","breadcrumb":{"@id":"https:\/\/ter-staging.engnroom.org\/es\/llamada-comunitaria-sostener-ecosistema-de-informacion-saludable\/#breadcrumb"},"inLanguage":"es","potentialAction":[{"@type":"ReadAction","target":["https:\/\/ter-staging.engnroom.org\/es\/llamada-comunitaria-sostener-ecosistema-de-informacion-saludable\/"]}]},{"@type":"ImageObject","inLanguage":"es","@id":"https:\/\/ter-staging.engnroom.org\/es\/llamada-comunitaria-sostener-ecosistema-de-informacion-saludable\/#primaryimage","url":"https:\/\/ter-staging.engnroom.org\/wp-content\/uploads\/2023\/12\/alexander-grey-TMwHpCrU8D4-unsplash-scaled-1.jpg","contentUrl":"https:\/\/ter-staging.engnroom.org\/wp-content\/uploads\/2023\/12\/alexander-grey-TMwHpCrU8D4-unsplash-scaled-1.jpg","width":1920,"height":1280},{"@type":"BreadcrumbList","@id":"https:\/\/ter-staging.engnroom.org\/es\/llamada-comunitaria-sostener-ecosistema-de-informacion-saludable\/#breadcrumb","itemListElement":[{"@type":"ListItem","position":1,"name":"Home","item":"https:\/\/ter-staging.engnroom.org\/es\/"},{"@type":"ListItem","position":2,"name":"\u00danete a nuestra llamada comunitaria: desaf\u00edos para sostener un ecosistema de informaci\u00f3n saludable y robusto en Am\u00e9rica Latina y el Caribe"}]},{"@type":"WebSite","@id":"https:\/\/ter-staging.engnroom.org\/es\/#website","url":"https:\/\/ter-staging.engnroom.org\/es\/","name":"The Engine Room","description":"Supporting civil society to use technology and data in strategic, effective and responsible ways.","publisher":{"@id":"https:\/\/ter-staging.engnroom.org\/es\/#organization"},"potentialAction":[{"@type":"SearchAction","target":{"@type":"EntryPoint","urlTemplate":"https:\/\/ter-staging.engnroom.org\/es\/?s={search_term_string}"},"query-input":{"@type":"PropertyValueSpecification","valueRequired":true,"valueName":"search_term_string"}}],"inLanguage":"es"},{"@type":"Organization","@id":"https:\/\/ter-staging.engnroom.org\/es\/#organization","name":"The Engine Room","url":"https:\/\/ter-staging.engnroom.org\/es\/","logo":{"@type":"ImageObject","inLanguage":"es","@id":"https:\/\/ter-staging.engnroom.org\/es\/#\/schema\/logo\/image\/","url":"https:\/\/ter-staging.engnroom.org\/wp-content\/uploads\/2022\/11\/cropped-logo.png","contentUrl":"https:\/\/ter-staging.engnroom.org\/wp-content\/uploads\/2022\/11\/cropped-logo.png","width":1110,"height":108,"caption":"The Engine Room"},"image":{"@id":"https:\/\/ter-staging.engnroom.org\/es\/#\/schema\/logo\/image\/"},"sameAs":["https:\/\/x.com\/EngnRoom","https:\/\/www.linkedin.com\/company\/theengineroom-org\/"]},{"@type":"Person","@id":"https:\/\/ter-staging.engnroom.org\/es\/#\/schema\/person\/945f2fb59d5704a6733b4797e0094fce","name":"Barbara Paes","image":{"@type":"ImageObject","inLanguage":"es","@id":"https:\/\/ter-staging.engnroom.org\/wp-content\/uploads\/2023\/02\/barbara_headshot.jpg7e65713967473f4199c6a5b30a3ee45c","url":"https:\/\/ter-staging.engnroom.org\/wp-content\/uploads\/2023\/02\/barbara_headshot.jpg","contentUrl":"https:\/\/ter-staging.engnroom.org\/wp-content\/uploads\/2023\/02\/barbara_headshot.jpg","caption":"Barbara Paes"},"description":"B\u00e1rbara leads The Engine Room's engagement with partners based in Latin America.","url":"https:\/\/ter-staging.engnroom.org\/es\/author\/bpaes\/"}]}},"authors":[{"term_id":347,"user_id":0,"is_guest":1,"slug":"bpaes-es","display_name":"Barbara Paes","avatar_url":{"url":"https:\/\/ter-staging.engnroom.org\/wp-content\/uploads\/2023\/02\/barbara_headshot.jpg","url2x":"https:\/\/ter-staging.engnroom.org\/wp-content\/uploads\/2023\/02\/barbara_headshot.jpg"},"0":null,"1":"","2":"","3":"","4":"","5":"","6":"","7":"","8":""}],"_links":{"self":[{"href":"https:\/\/ter-staging.engnroom.org\/es\/wp-json\/wp\/v2\/posts\/26807","targetHints":{"allow":["GET"]}}],"collection":[{"href":"https:\/\/ter-staging.engnroom.org\/es\/wp-json\/wp\/v2\/posts"}],"about":[{"href":"https:\/\/ter-staging.engnroom.org\/es\/wp-json\/wp\/v2\/types\/post"}],"author":[{"embeddable":true,"href":"https:\/\/ter-staging.engnroom.org\/es\/wp-json\/wp\/v2\/users\/8"}],"replies":[{"embeddable":true,"href":"https:\/\/ter-staging.engnroom.org\/es\/wp-json\/wp\/v2\/comments?post=26807"}],"version-history":[{"count":3,"href":"https:\/\/ter-staging.engnroom.org\/es\/wp-json\/wp\/v2\/posts\/26807\/revisions"}],"predecessor-version":[{"id":28049,"href":"https:\/\/ter-staging.engnroom.org\/es\/wp-json\/wp\/v2\/posts\/26807\/revisions\/28049"}],"wp:featuredmedia":[{"embeddable":true,"href":"https:\/\/ter-staging.engnroom.org\/es\/wp-json\/wp\/v2\/media\/26803"}],"wp:attachment":[{"href":"https:\/\/ter-staging.engnroom.org\/es\/wp-json\/wp\/v2\/media?parent=26807"}],"wp:term":[{"taxonomy":"category","embeddable":true,"href":"https:\/\/ter-staging.engnroom.org\/es\/wp-json\/wp\/v2\/categories?post=26807"},{"taxonomy":"post_tag","embeddable":true,"href":"https:\/\/ter-staging.engnroom.org\/es\/wp-json\/wp\/v2\/tags?post=26807"},{"taxonomy":"author","embeddable":true,"href":"https:\/\/ter-staging.engnroom.org\/es\/wp-json\/wp\/v2\/ppma_author?post=26807"}],"curies":[{"name":"wp","href":"https:\/\/api.w.org\/{rel}","templated":true}]}}